{"id":25850532,"date":"2024-12-09T12:38:58","date_gmt":"2024-12-09T11:38:58","guid":{"rendered":"https:\/\/ack3.eu\/syria-new-flag-embraced-after-assads-fall\/"},"modified":"2025-06-30T07:46:46","modified_gmt":"2025-06-30T05:46:46","slug":"siria-nueva-bandera-adoptada-caida-assad","status":"publish","type":"post","link":"https:\/\/ack3.eu\/es\/siria-nueva-bandera-adoptada-caida-assad\/","title":{"rendered":"Siria: Nueva bandera adoptada tras la ca\u00edda de Assad"},"content":{"rendered":"<p>[et_pb_section fb_built=\u00bb1&#8243; admin_label=\u00bbsection\u00bb _builder_version=\u00bb4.16&#8243; custom_padding=\u00bb0px|||||\u00bb global_colors_info=\u00bb{}\u00bb][et_pb_row admin_label=\u00bbrow\u00bb _builder_version=\u00bb4.16&#8243; background_size=\u00bbinitial\u00bb background_position=\u00bbtop_left\u00bb background_repeat=\u00bbrepeat\u00bb custom_padding=\u00bb2px|||||\u00bb global_colors_info=\u00bb{}\u00bb][et_pb_column type=\u00bb4_4&#8243; _builder_version=\u00bb4.16&#8243; custom_padding=\u00bb|||\u00bb global_colors_info=\u00bb{}\u00bb custom_padding__hover=\u00bb|||\u00bb][et_pb_text admin_label=\u00bbText\u00bb _builder_version=\u00bb4.27.4&#8243; background_size=\u00bbinitial\u00bb background_position=\u00bbtop_left\u00bb background_repeat=\u00bbrepeat\u00bb custom_padding=\u00bb||0px|||\u00bb global_colors_info=\u00bb{}\u00bb]<\/p>\n<p data-start=\"155\" data-end=\"572\"><strong data-start=\"155\" data-end=\"164\">Siria<\/strong> \u2013 En un hecho hist\u00f3rico, <strong>el gobierno de transici\u00f3n liderado por la oposici\u00f3n en Siria ha adoptado de facto la \u00abBandera de la Independencia\u00bb<\/strong> tras la ca\u00edda del r\u00e9gimen de Bashar al-Assad. Esta bandera, que tiene sus ra\u00edces en el pasado pre-baazista del pa\u00eds, presenta tres franjas horizontales: verde (superior), blanca (central) y negra (inferior), con tres estrellas rojas centradas en la franja blanca.<\/p>\n<blockquote>\n<p data-start=\"574\" data-end=\"904\"><strong>Originalmente utilizada en 1932 tras la independencia de Francia, la bandera fue abandonada cuando el Partido Baaz tom\u00f3 el poder. Durante la guerra civil que asol\u00f3 Siria durante m\u00e1s de una d\u00e9cada, este s\u00edmbolo se convirti\u00f3 en un emblema de la oposici\u00f3n y la unidad, representando esperanza, resistencia y aspiraciones de libertad.<\/strong><\/p>\n<\/blockquote>\n<p data-start=\"906\" data-end=\"1292\">Aunque a\u00fan no ha sido declarada oficialmente como la bandera nacional, la \u00abBandera de la Independencia\u00bb se utiliza ampliamente en embajadas en el extranjero y en las regiones liberadas como emblema de unidad durante la transici\u00f3n pol\u00edtica. Para muchos sirios, esta bandera representa un <strong>nuevo comienzo, reflejando su anhelo de unidad, paz y soberan\u00eda en una Siria posterior a Assad<\/strong>.<\/p>\n<p>[\/et_pb_text][\/et_pb_column][\/et_pb_row][et_pb_row _builder_version=\u00bb4.27.4&#8243; _module_preset=\u00bbdefault\u00bb custom_padding=\u00bb0px|||||\u00bb global_colors_info=\u00bb{}\u00bb][et_pb_column type=\u00bb4_4&#8243; _builder_version=\u00bb4.27.4&#8243; _module_preset=\u00bbdefault\u00bb global_colors_info=\u00bb{}\u00bb][et_pb_divider _builder_version=\u00bb4.27.4&#8243; _module_preset=\u00bbdefault\u00bb global_colors_info=\u00bb{}\u00bb][\/et_pb_divider][et_pb_text _builder_version=\u00bb4.27.4&#8243; _module_preset=\u00bbdefault\u00bb global_colors_info=\u00bb{}\u00bb]<\/p>\n<h3 style=\"text-align: center;\">\u00bfDeseas recibir informaci\u00f3n personalizada y an\u00e1lisis por parte del equipo profesional de analistas de ACK3?<\/h3>\n<p style=\"text-align: center;\">Conoce m\u00e1s sobre el ZAU haciendo clic a continuaci\u00f3n:<\/p>\n<p>[\/et_pb_text][et_pb_button button_url=\u00bbhttps:\/\/ack3.eu\/es\/productos\/actualizacion-estrategica-de-zonas-zau\/\u00bb button_text=\u00bbZAU\u2122\u00bb button_alignment=\u00bbcenter\u00bb _builder_version=\u00bb4.27.4&#8243; _module_preset=\u00bbdefault\u00bb locked=\u00bboff\u00bb global_colors_info=\u00bb{}\u00bb][\/et_pb_button][\/et_pb_column][\/et_pb_row][\/et_pb_section]<\/p>\n","protected":false},"excerpt":{"rendered":"<p>Siria: El gobierno de transici\u00f3n adopta la Bandera de la Independencia como s\u00edmbolo de unidad y cambio tras el colapso del r\u00e9gimen de Assad.<\/p>\n","protected":false},"author":2,"featured_media":25848917,"comment_status":"closed","ping_status":"closed","sticky":false,"template":"","format":"standard","meta":{"_et_pb_use_builder":"on","_et_pb_old_content":"","_et_gb_content_width":"","footnotes":""},"categories":[675],"tags":[941,942,676,943,944],"dipi_cpt_category":[],"class_list":["post-25850532","post","type-post","status-publish","format-standard","has-post-thumbnail","hentry","category-zau-highlights-es","tag-caida-de-assad","tag-nueva-bandera","tag-siria","tag-transicion-politica","tag-unidad"],"_links":{"self":[{"href":"https:\/\/ack3.eu\/es\/wp-json\/wp\/v2\/posts\/25850532","targetHints":{"allow":["GET"]}}],"collection":[{"href":"https:\/\/ack3.eu\/es\/wp-json\/wp\/v2\/posts"}],"about":[{"href":"https:\/\/ack3.eu\/es\/wp-json\/wp\/v2\/types\/post"}],"author":[{"embeddable":true,"href":"https:\/\/ack3.eu\/es\/wp-json\/wp\/v2\/users\/2"}],"replies":[{"embeddable":true,"href":"https:\/\/ack3.eu\/es\/wp-json\/wp\/v2\/comments?post=25850532"}],"version-history":[{"count":0,"href":"https:\/\/ack3.eu\/es\/wp-json\/wp\/v2\/posts\/25850532\/revisions"}],"wp:featuredmedia":[{"embeddable":true,"href":"https:\/\/ack3.eu\/es\/wp-json\/wp\/v2\/media\/25848917"}],"wp:attachment":[{"href":"https:\/\/ack3.eu\/es\/wp-json\/wp\/v2\/media?parent=25850532"}],"wp:term":[{"taxonomy":"category","embeddable":true,"href":"https:\/\/ack3.eu\/es\/wp-json\/wp\/v2\/categories?post=25850532"},{"taxonomy":"post_tag","embeddable":true,"href":"https:\/\/ack3.eu\/es\/wp-json\/wp\/v2\/tags?post=25850532"},{"taxonomy":"dipi_cpt_category","embeddable":true,"href":"https:\/\/ack3.eu\/es\/wp-json\/wp\/v2\/dipi_cpt_category?post=25850532"}],"curies":[{"name":"wp","href":"https:\/\/api.w.org\/{rel}","templated":true}]}}