{"id":25845348,"date":"2024-06-12T08:13:55","date_gmt":"2024-06-12T06:13:55","guid":{"rendered":"https:\/\/ack3.eu\/servicio-militar-obligatorio-en-europa-tendencias-y-cambios\/"},"modified":"2024-06-19T18:24:38","modified_gmt":"2024-06-19T16:24:38","slug":"servicio-militar-obligatorio-en-europa-tendencias","status":"publish","type":"post","link":"https:\/\/ack3.eu\/es\/servicio-militar-obligatorio-en-europa-tendencias\/","title":{"rendered":"Servicio militar obligatorio en Europa: tendencias y cambios"},"content":{"rendered":"<p>[et_pb_section fb_built=\u00bb1&#8243; admin_label=\u00bbsection\u00bb _builder_version=\u00bb4.16&#8243; global_colors_info=\u00bb{}\u00bb theme_builder_area=\u00bbpost_content\u00bb custom_padding=\u00bb1px|||||\u00bb][et_pb_row admin_label=\u00bbrow\u00bb _builder_version=\u00bb4.16&#8243; background_size=\u00bbinitial\u00bb background_position=\u00bbtop_left\u00bb background_repeat=\u00bbrepeat\u00bb global_colors_info=\u00bb{}\u00bb theme_builder_area=\u00bbpost_content\u00bb custom_padding=\u00bb3px|||||\u00bb][et_pb_column type=\u00bb4_4&#8243; _builder_version=\u00bb4.16&#8243; custom_padding=\u00bb|||\u00bb global_colors_info=\u00bb{}\u00bb custom_padding__hover=\u00bb|||\u00bb theme_builder_area=\u00bbpost_content\u00bb][et_pb_text admin_label=\u00bbText\u00bb _builder_version=\u00bb4.25.2&#8243; background_size=\u00bbinitial\u00bb background_position=\u00bbtop_left\u00bb background_repeat=\u00bbrepeat\u00bb global_colors_info=\u00bb{}\u00bb theme_builder_area=\u00bbpost_content\u00bb]<\/p>\n<h3>El regreso del servicio militar en varios pa\u00edses europeos plantea preguntas sobre la preparaci\u00f3n de los j\u00f3venes para los desaf\u00edos del futuro y la importancia de la ciberseguridad y la log\u00edstica<\/h3>\n<p>En un giro inesperado y controvertido, el <a href=\"https:\/\/www.conservatives.com\/\" target=\"_blank\" rel=\"noopener\"><strong>Partido Conservador brit\u00e1nico<\/strong><\/a> ha anunciado su <strong>intenci\u00f3n de reinstaurar el servicio militar obligatorio por un periodo de 12 meses<\/strong> si resulta victorioso en las pr\u00f3ximas elecciones. Esta medida no solo <strong>busca fortalecer el esp\u00edritu nacional, sino que tambi\u00e9n pretende capacitar a los j\u00f3venes en \u00e1reas cr\u00edticas como la ciberseguridad y la log\u00edstica<\/strong>. El plan, aunque ambicioso, enfrenta un desaf\u00edo significativo: la financiaci\u00f3n. Se proyecta que el costo del programa alcanzar\u00e1 los <strong>\u00a32.5 mil millones<\/strong>. A pesar de la controversia que rodea esta propuesta, sus defensores argumentan que podr\u00eda proporcionar a los j\u00f3venes habilidades valiosas y un renovado sentido de orgullo nacional.<\/p>\n<blockquote>\n<p><strong>Seg\u00fan <a href=\"https:\/\/ack3.eu\/es\/oscar-ruiz\/\">\u00d3scar Ruiz<\/a>, analista especializado en Geopol\u00edtica y Defensa de ACK3: \u00abEuropa es consciente de que la &#8216;Pax Americana&#8217; tal como la conoc\u00edamos se ha acabado, y que tendr\u00e1n que ser los propios europeos los que velen mayormente por su seguridad. Esto inevitablemente incluye la formaci\u00f3n de m\u00e1s soldados, ya sean reclutados de manera voluntaria o de manera forzosa.\u00bb<\/strong><\/p>\n<\/blockquote>\n<p>En contraste, <strong>Espa\u00f1a presenta una percepci\u00f3n de amenaza considerablemente menor comparada con otros pa\u00edses europeos<\/strong>. Actualmente, no se considera la reintroducci\u00f3n del servicio militar obligatorio. Sin embargo, <strong>la situaci\u00f3n en el continente sugiere que esta percepci\u00f3n podr\u00eda cambiar<\/strong>. La tendencia hacia una mayor independencia en defensa y el aumento de capacidades nacionales podr\u00eda llevar a una reflexi\u00f3n sobre nuestro propio enfoque de seguridad nacional. La discusi\u00f3n sobre la defensa en Espa\u00f1a ha estado tradicionalmente centrada en la colaboraci\u00f3n con aliados europeos y la participaci\u00f3n en misiones internacionales. No obstante, la posibilidad de que otros pa\u00edses europeos reintroduzcan el servicio militar obligatorio podr\u00eda instar a Espa\u00f1a a reevaluar su postura.<\/p>\n<p>&nbsp;<\/p>\n<h3>Pa\u00edses con reclutamiento militar obligatorio<\/h3>\n<ul>\n<li><strong>Noruega<\/strong>: Implementa un sistema de servicio militar obligatorio tanto para hombres como para mujeres. El servicio dura 12 meses y todos los j\u00f3venes deben registrarse, aunque solo una parte es seleccionada para servir.<\/li>\n<li><strong>Suecia<\/strong>: Reintrodujo el servicio militar obligatorio en 2017. Afecta a hombres y mujeres mayores de 18 a\u00f1os, con un servicio de 11 meses.<\/li>\n<li><strong>Finlandia<\/strong>: Todos los hombres deben completar el servicio militar, que dura entre 165 y 347 d\u00edas, dependiendo de la formaci\u00f3n. Las mujeres pueden servir voluntariamente.<\/li>\n<li><strong>Dinamarca<\/strong>: El servicio militar es obligatorio para los hombres durante un per\u00edodo de 4 a 12 meses, dependiendo de la rama de servicio. Las mujeres pueden unirse de manera voluntaria.<\/li>\n<li><strong>Suiza<\/strong>: Todos los hombres deben realizar el servicio militar a partir de los 18 a\u00f1os, con un entrenamiento b\u00e1sico de 21 semanas. Las mujeres pueden participar voluntariamente.<\/li>\n<li><strong>Grecia<\/strong>: Todos los hombres de entre 19 y 45 a\u00f1os deben cumplir con el servicio militar, que dura 9 meses en el ej\u00e9rcito y 12 meses en la marina y la fuerza a\u00e9rea.<\/li>\n<li><strong>Austria<\/strong>: Todos los hombres deben completar 6 meses de servicio militar o 9 meses de servicio civil alternativo.<\/li>\n<li><strong>Estonia<\/strong>: El servicio militar obligatorio dura de 8 a 11 meses para los hombres. Las mujeres pueden unirse voluntariamente.<\/li>\n<li><strong>Lituania<\/strong>: Reintrodujo el servicio militar obligatorio en 2015 para hombres de entre 19 y 26 a\u00f1os, con una duraci\u00f3n de 9 meses.<\/li>\n<li><strong>Chipre<\/strong>: Todos los hombres deben realizar 14 meses de servicio militar.<\/li>\n<li><strong>Turqu\u00eda<\/strong>: Todos los hombres deben completar 12 meses de servicio militar a partir de los 20 a\u00f1os.<\/li>\n<\/ul>\n<p>&nbsp;<\/p>\n<h3>Pa\u00edses con reclutamiento en caso de emergencia<\/h3>\n<ul>\n<li><strong>Alemania<\/strong>: Aboli\u00f3 el servicio militar obligatorio en 2011, pero mantiene la capacidad de reintroducirlo en situaciones de emergencia.<\/li>\n<li><strong>Francia<\/strong>: Elimin\u00f3 el servicio militar obligatorio en 1997, pero ha implementado un \u00abServicio Nacional Universal\u00bb que, aunque no es estrictamente militar, incluye una fase de defensa y puede expandirse en tiempos de crisis.<\/li>\n<li><strong>Italia<\/strong>: Suspendi\u00f3 el servicio militar obligatorio en 2005, pero tiene leyes que permiten su reactivaci\u00f3n en casos de emergencia.<\/li>\n<li><strong>Espa\u00f1a<\/strong>: Aboli\u00f3 el servicio militar obligatorio en 2001, pero conserva la capacidad de reactivarlo si es necesario.<\/li>\n<li><strong>Portugal<\/strong>: Suspendi\u00f3 el servicio militar obligatorio en 2004, pero mantiene una reserva para emergencias.<\/li>\n<li><strong>Pa\u00edses Bajos<\/strong>: Suspendi\u00f3 el servicio militar obligatorio en 1997, pero las leyes permiten su reactivaci\u00f3n en tiempos de emergencia.<\/li>\n<\/ul>\n<p>&nbsp;<\/p>\n<blockquote>\n<h2>Un debate necesario: \u00bfaporta valor hacer la mili?<\/h2>\n<p><strong>La reintroducci\u00f3n del servicio militar obligatorio en el Reino Unido y la tendencia general en Europa plantean preguntas importantes sobre el futuro de la defensa y la seguridad en el continente. \u00bfEstamos preparados para los desaf\u00edos del futuro? \u00bfC\u00f3mo deber\u00edamos capacitar a nuestra juventud para enfrentarlos? Este debate no solo afecta a los gobiernos y las fuerzas armadas, sino que tambi\u00e9n involucra a toda la sociedad. La formaci\u00f3n en \u00e1reas como la ciberseguridad, la log\u00edstica y otras capacidades cr\u00edticas podr\u00eda ser crucial no solo para la defensa nacional, sino tambi\u00e9n para el desarrollo econ\u00f3mico y la cohesi\u00f3n social.<\/strong><\/p>\n<\/blockquote>\n<p>&nbsp;<\/p>\n<h3>NEXO Transmil: Facilitando la transici\u00f3n del personal militar al mundo civil<\/h3>\n<p>En ACK3, estamos orgullosos de presentar <a href=\"https:\/\/ack3.eu\/corporate-responsibility\/\"><strong>NEXO Transmil<\/strong><\/a>, nuestro proyecto insignia de Responsabilidad Social Corporativa (CSR) dise\u00f1ado para <strong>facilitar la transici\u00f3n del personal militar<\/strong>, tanto de los <strong>miembros en una primera o segunda etapa de su carrera que buscan nuevos horizontes como de los retirados, al mundo empresarial civil<\/strong>. Entendiendo los desaf\u00edos \u00fanicos que enfrentan estos individuos, NEXO tiene como objetivo asegurar su reintegraci\u00f3n exitosa en la fuerza laboral con nuevas oportunidades de carrera prometedoras.<\/p>\n<p><a href=\"https:\/\/ack3.eu\/corporate-responsibility\/\"><img decoding=\"async\" class=\"alignnone size-medium wp-image-25845329\" src=\"https:\/\/ack3.eu\/wp-content\/uploads\/2024\/06\/NEXO-Transmil-300x136.png\" alt=\"\" width=\"300\" height=\"136\" \/><\/a><\/p>\n<p>Muchos de los <strong>miembros del equipo de ACK3 provienen de antecedentes militares<\/strong>, encontrando una nueva vida profesional dentro del sector privado a trav\u00e9s de nuestros diversos proyectos <strong>aprovechando las m\u00faltiples herramientas y conocimientos adquiridos durante su \u00e9poca como militares en el mundo empresarial<\/strong>. Desde colaboraciones en ingenier\u00eda hasta misiones internacionales y desarrollo econ\u00f3mico, nuestros veteranos aprovechan su <strong>entrenamiento disciplinado, pensamiento estrat\u00e9gico y resistencia inigualable en una multitud de roles<\/strong>. Sus historias de \u00e9xito dentro de ACK3 son un testimonio del potencial que reside en esta transici\u00f3n.<\/p>\n<blockquote>\n<p><strong>Como ejemplo vivo de esta evoluci\u00f3n, \u00d3scar Ruiz considera: \u00abDespu\u00e9s de 10 a\u00f1os en la OTAN trabajando codo con codo con militares de los pa\u00edses de la Alianza Atl\u00e1ntica, puedo asegurar que la formaci\u00f3n continua, preparaci\u00f3n y transici\u00f3n a la vida civil es fundamental para nuestros militares profesionales que bien, por finalizaci\u00f3n de contrato, o bien de motu proprio, abandonan las fuerzas armadas despu\u00e9s de unos a\u00f1os de servicio. El reciclaje y preparaci\u00f3n permanente de nuestros soldados no solo debe ir orientado a la profesi\u00f3n militar, sino tambi\u00e9n debe estar vinculado a un posible futuro civil donde poner en pr\u00e1ctica lo aprendido y experimentado en los a\u00f1os de servicio. Gobierno, empresas, academia\/universidad y ACK3 deben formar un equipo indisoluble en lo que se refiere a la transici\u00f3n de militar a civil, en cualquiera de sus posibilidades, a cualquier edad y en cualquier punto de nuestra geograf\u00eda, o incluso fuera de nuestras fronteras.\u00bb<\/strong><\/p>\n<\/blockquote>\n<h4>Herramientas \u00fatiles de la formaci\u00f3n militar<\/h4>\n<p>La formaci\u00f3n militar proporciona <strong>habilidades \u00fanicas que son altamente valoradas en el sector privado<\/strong>. La <strong>disciplina<\/strong>, el <strong>liderazgo<\/strong>, la capacidad de <strong>trabajar bajo presi\u00f3n<\/strong> y la <strong>resoluci\u00f3n de problemas<\/strong> son competencias esenciales que los veteranos aportan a sus nuevas carreras; adem\u00e1s, de las ya mencionadas ciberseguridad, log\u00edstica u otros conceptos m\u00e1s t\u00e9cnicos. En NEXO Transmil, aprovechamos estas habilidades para facilitar una transici\u00f3n fluida y exitosa, asegurando que cada veterano encuentre su lugar y prop\u00f3sito en el mundo civil privado.<\/p>\n<p>&nbsp;<\/p>\n<h2>\u00bfEs el servicio militar de los j\u00f3venes algo del pasado?<\/h2>\n<p><strong>Mientras el Reino Unido y Alemania avanzan con propuestas audaces en defensa<\/strong>, es esencial que pa\u00edses como Espa\u00f1a y otros consideren cuidadosamente sus propias estrategias y capacidades. La <strong>defensa y la seguridad son temas din\u00e1micos que requieren una atenci\u00f3n continua y una adaptaci\u00f3n constante a los nuevos desaf\u00edos globales<\/strong>. Con iniciativas como NEXO Transmil de ACK3, apoyamos la transici\u00f3n del personal militar al sector civil haciendo de Espa\u00f1a un pa\u00eds m\u00e1s resiliente y preparado para adaptarse proactivamente a los nuevos riesgos que nos rodean, aprovechando sus habilidades y experiencias \u00fanicas para nuevas oportunidades profesionales.<\/p>\n<p>[\/et_pb_text][\/et_pb_column][\/et_pb_row][\/et_pb_section]<\/p>\n","protected":false},"excerpt":{"rendered":"<p>Reinstauraci\u00f3n del servicio militar obligatorio en Europa: seguridad nacional, mejora de la ciberseguridad y log\u00edstica, y oportunidades para j\u00f3venes.<\/p>\n","protected":false},"author":2,"featured_media":25845344,"comment_status":"closed","ping_status":"closed","sticky":false,"template":"","format":"standard","meta":{"_et_pb_use_builder":"on","_et_pb_old_content":"","_et_gb_content_width":"","footnotes":""},"categories":[120,267],"tags":[330,323,278,279,270,801,277],"dipi_cpt_category":[],"class_list":["post-25845348","post","type-post","status-publish","format-standard","has-post-thumbnail","hentry","category-risk-pulse-es","category-ruiz-es","tag-ciberseguridad-es","tag-cybersecurity-es","tag-logistica","tag-oportunidades-para-jovenes","tag-seguridad-nacional-es","tag-seguridad-nacional-es-2","tag-servicio-militar-obligatorio"],"_links":{"self":[{"href":"https:\/\/ack3.eu\/es\/wp-json\/wp\/v2\/posts\/25845348","targetHints":{"allow":["GET"]}}],"collection":[{"href":"https:\/\/ack3.eu\/es\/wp-json\/wp\/v2\/posts"}],"about":[{"href":"https:\/\/ack3.eu\/es\/wp-json\/wp\/v2\/types\/post"}],"author":[{"embeddable":true,"href":"https:\/\/ack3.eu\/es\/wp-json\/wp\/v2\/users\/2"}],"replies":[{"embeddable":true,"href":"https:\/\/ack3.eu\/es\/wp-json\/wp\/v2\/comments?post=25845348"}],"version-history":[{"count":0,"href":"https:\/\/ack3.eu\/es\/wp-json\/wp\/v2\/posts\/25845348\/revisions"}],"wp:featuredmedia":[{"embeddable":true,"href":"https:\/\/ack3.eu\/es\/wp-json\/wp\/v2\/media\/25845344"}],"wp:attachment":[{"href":"https:\/\/ack3.eu\/es\/wp-json\/wp\/v2\/media?parent=25845348"}],"wp:term":[{"taxonomy":"category","embeddable":true,"href":"https:\/\/ack3.eu\/es\/wp-json\/wp\/v2\/categories?post=25845348"},{"taxonomy":"post_tag","embeddable":true,"href":"https:\/\/ack3.eu\/es\/wp-json\/wp\/v2\/tags?post=25845348"},{"taxonomy":"dipi_cpt_category","embeddable":true,"href":"https:\/\/ack3.eu\/es\/wp-json\/wp\/v2\/dipi_cpt_category?post=25845348"}],"curies":[{"name":"wp","href":"https:\/\/api.w.org\/{rel}","templated":true}]}}