{"id":25845186,"date":"2024-05-30T14:02:33","date_gmt":"2024-05-30T12:02:33","guid":{"rendered":"https:\/\/ack3.eu\/50-of-feindef25-already-sold-dont-miss-out\/"},"modified":"2024-06-04T17:22:18","modified_gmt":"2024-06-04T15:22:18","slug":"80-feindef25-vendido-evento-defensa-europa","status":"publish","type":"post","link":"https:\/\/ack3.eu\/es\/80-feindef25-vendido-evento-defensa-europa\/","title":{"rendered":"El 80% de FEINDEF25 ya est\u00e1 vendido: \u00a1No te quedes fuera!"},"content":{"rendered":"<p>[et_pb_section fb_built=\u00bb1&#8243; admin_label=\u00bbsection\u00bb _builder_version=\u00bb4.16&#8243; custom_padding=\u00bb0px|||||\u00bb global_colors_info=\u00bb{}\u00bb][et_pb_row admin_label=\u00bbrow\u00bb _builder_version=\u00bb4.16&#8243; background_size=\u00bbinitial\u00bb background_position=\u00bbtop_left\u00bb background_repeat=\u00bbrepeat\u00bb custom_padding=\u00bb2px|||||\u00bb global_colors_info=\u00bb{}\u00bb][et_pb_column type=\u00bb4_4&#8243; _builder_version=\u00bb4.16&#8243; custom_padding=\u00bb|||\u00bb global_colors_info=\u00bb{}\u00bb custom_padding__hover=\u00bb|||\u00bb][et_pb_text admin_label=\u00bbText\u00bb _builder_version=\u00bb4.25.1&#8243; background_size=\u00bbinitial\u00bb background_position=\u00bbtop_left\u00bb background_repeat=\u00bbrepeat\u00bb global_colors_info=\u00bb{}\u00bb]<\/p>\n<h2><strong>El principal evento de defensa se est\u00e1 llenando con empresas internacionales<\/strong><\/h2>\n<p><strong>Madrid, Espa\u00f1a<\/strong> \u2013 \u00a1Los pr\u00f3ximos 12, 13 y 14 de mayo de 2025, <strong>#FEINDEF25 recibir\u00e1 a m\u00e1s de 35.000 asistentes de 65 pa\u00edses<\/strong>! No pierdas la oportunidad de participar como expositor en uno de nuestros tres pabellones en IFEMA MADRID. \u00a1Descubre c\u00f3mo ser parte de este evento de referencia internacional en defensa y seguridad!<\/p>\n<p>&nbsp;<\/p>\n<h5>\ud83d\udc49 <a href=\"https:\/\/ack3.eu\/es\/feindef-2025-2\/\"><strong>Necesito un stand<\/strong><\/a><\/h5>\n<p>&nbsp;<\/p>\n<p>La <strong>IV edici\u00f3n de la <a href=\"https:\/\/ack3.eu\/es\/ack3-y-feindef-2025-configurando-el-futuro-de-la-defensa-global\/\">Feria Internacional de Defensa y Seguridad de Espa\u00f1a (FEINDEF)<\/a> se celebrar\u00e1 en IFEMA del 12 al 14 de mayo de 2025<\/strong>. A falta de catorce meses para el evento, FEINDEF25 ya ha vendido m\u00e1s del 80% del espacio disponible en el \u00e1rea expositiva. De este espacio, <strong>m\u00e1s de un 30% ha sido reservado por empresas internacionales, representando a pa\u00edses como Italia, Estados Unidos, Francia, Rep\u00fablica Checa, Alemania, Jap\u00f3n, Suecia, Israel, Noruega, Serbia, Portugal, Ruman\u00eda o Bulgaria, entre otros<\/strong>. A pesar de aumentar en un 30% la superficie disponible para esta nueva edici\u00f3n, superando los 50,000 metros cuadrados repartidos en tres pabellones, la comercializaci\u00f3n de los stands va por encima de lo previsto. FEINDEF tiene como objetivo superar el 35% de stands internacionales este a\u00f1o, fortaleciendo la investigaci\u00f3n colaborativa, la innovaci\u00f3n, la inversi\u00f3n en la cadena de suministro y la creaci\u00f3n de un mercado \u00fanico de defensa.<\/p>\n<blockquote>\n<p><strong>\u00abCon 218 stands ya reservados y 45 de ellos por empresas internacionales, estamos alcanzando un hito comercial significativo a falta de catorce meses para el evento,\u00bb coment\u00f3 la organizaci\u00f3n. \u00abEste nivel de inter\u00e9s refleja la creciente importancia y prestigio de FEINDEF en el sector de defensa y seguridad.\u00bb<\/strong><\/p>\n<\/blockquote>\n<h4>\u00a0<\/h4>\n<h4>Sobre FEINDEF25<\/h4>\n<p>FEINDEF, organizada por la <a href=\"https:\/\/fundacionfeindef.com\/\" target=\"_blank\" rel=\"noopener\"><strong>Fundaci\u00f3n FEINDEF<\/strong><\/a> y apoyada por el <a href=\"https:\/\/www.defensa.gob.es\/\" target=\"_blank\" rel=\"noopener\"><strong>Ministerio de Defensa<\/strong><\/a>, es la \u00fanica feria del sector con respaldo institucional en Espa\u00f1a. Se posiciona como <strong>el evento de defensa y seguridad m\u00e1s importante celebrado en Espa\u00f1a y Sur de Europa<\/strong>, ofreciendo nuevas oportunidades de negocio y networking en un entorno internacional. FEINDEF25 no solo permitir\u00e1 niveles de acceso al mercado internacional de defensa, sino que tambi\u00e9n fomentar\u00e1 la colaboraci\u00f3n p\u00fablica y privada, impulsar\u00e1 la adopci\u00f3n de nuevas tecnolog\u00edas y pr\u00e1cticas en el sector, y contribuir\u00e1 a la seguridad global.<\/p>\n<p>&nbsp;<\/p>\n<h4>Beneficios de Participar en FEINDEF con ACK3<\/h4>\n<ul>\n<li><strong>Networking estrat\u00e9gico:<\/strong> Con\u00e9ctate con l\u00edderes de la industria y tomadores de decisiones, facilitando el establecimiento de relaciones clave y alianzas estrat\u00e9gicas.<\/li>\n<li><strong>Visibilidad mejorada:<\/strong> Eleva la presencia de tu marca en un mercado competitivo, mostrando tus innovaciones y capacidades en un entorno internacional de alto perfil.<\/li>\n<li><strong>Informaci\u00f3n experta:<\/strong> Benef\u00edciate del profundo conocimiento de la industria y las tendencias de ACK3, obteniendo informaci\u00f3n valiosa que puede impulsar tu estrategia comercial.<\/li>\n<li><strong>Apoyo personalizado:<\/strong> Desde log\u00edstica hasta marketing, recibe asistencia adaptada para garantizar una participaci\u00f3n exitosa y sin problemas.<\/li>\n<li><strong>Oportunidades de crecimiento:<\/strong> Explora nuevas asociaciones y v\u00edas de negocio, aprovechando el entorno din\u00e1mico de FEINDEF para expandir tu alcance y mercado.<\/li>\n<\/ul>\n<blockquote>\n<p><strong>No pierdas la oportunidad de ser parte de FEINDEF25 y posicionar tu empresa en el mercado global de defensa y seguridad. \u00a1Reserva tu stand ahora y asegura tu participaci\u00f3n en el evento de defensa y seguridad m\u00e1s importante de Espa\u00f1a y Sur de Europa!<\/strong><\/p>\n<\/blockquote>\n<p>[\/et_pb_text][\/et_pb_column][\/et_pb_row][et_pb_row admin_label=\u00bbrow\u00bb _builder_version=\u00bb4.16&#8243; background_size=\u00bbinitial\u00bb background_position=\u00bbtop_left\u00bb background_repeat=\u00bbrepeat\u00bb locked=\u00bboff\u00bb global_colors_info=\u00bb{}\u00bb][et_pb_column type=\u00bb4_4&#8243; _builder_version=\u00bb4.16&#8243; custom_padding=\u00bb|||\u00bb global_colors_info=\u00bb{}\u00bb custom_padding__hover=\u00bb|||\u00bb][et_pb_divider _builder_version=\u00bb4.24.3&#8243; _module_preset=\u00bbdefault\u00bb global_colors_info=\u00bb{}\u00bb][\/et_pb_divider][et_pb_text admin_label=\u00bbText\u00bb _builder_version=\u00bb4.25.1&#8243; background_size=\u00bbinitial\u00bb background_position=\u00bbtop_left\u00bb background_repeat=\u00bbrepeat\u00bb global_colors_info=\u00bb{}\u00bb]<\/p>\n<h2 style=\"text-align: center;\">\u00bfEst\u00e1s interesado en participar en el evento con el apoyo de ACK3?<\/h2>\n<p style=\"text-align: center;\">Haz clic aqu\u00ed para m\u00e1s informaci\u00f3n:<\/p>\n<p>[\/et_pb_text][et_pb_button button_url=\u00bb@ET-DC@eyJkeW5hbWljIjp0cnVlLCJjb250ZW50IjoicG9zdF9saW5rX3VybF9wYWdlIiwic2V0dGluZ3MiOnsicG9zdF9pZCI6IjI1ODQzNzk2In19@\u00bb button_text=\u00bbFEINDEF 2025&#8243; button_alignment=\u00bbcenter\u00bb _builder_version=\u00bb4.25.1&#8243; _dynamic_attributes=\u00bbbutton_url\u00bb _module_preset=\u00bbdefault\u00bb global_colors_info=\u00bb{}\u00bb][\/et_pb_button][\/et_pb_column][\/et_pb_row][\/et_pb_section]<\/p>\n","protected":false},"excerpt":{"rendered":"<p>\u00danete a FEINDEF25, el principal evento de defensa con el 50% vendido. Asegura tu stand en MADRID para una exposici\u00f3n y networking.<\/p>\n","protected":false},"author":2,"featured_media":25843814,"comment_status":"closed","ping_status":"closed","sticky":false,"template":"","format":"standard","meta":{"_et_pb_use_builder":"on","_et_pb_old_content":"","_et_gb_content_width":"","footnotes":""},"categories":[103],"tags":[223,216,228,225,226,229,227,224],"dipi_cpt_category":[],"class_list":["post-25845186","post","type-post","status-publish","format-standard","has-post-thumbnail","hentry","category-prensa","tag-defensa","tag-feindef25-es","tag-feria-internacional-de-defensa-y-seguridad","tag-ifema","tag-internacionalizacion","tag-investigacion-colaborativa","tag-mercado-de-defensa","tag-seguridad"],"_links":{"self":[{"href":"https:\/\/ack3.eu\/es\/wp-json\/wp\/v2\/posts\/25845186","targetHints":{"allow":["GET"]}}],"collection":[{"href":"https:\/\/ack3.eu\/es\/wp-json\/wp\/v2\/posts"}],"about":[{"href":"https:\/\/ack3.eu\/es\/wp-json\/wp\/v2\/types\/post"}],"author":[{"embeddable":true,"href":"https:\/\/ack3.eu\/es\/wp-json\/wp\/v2\/users\/2"}],"replies":[{"embeddable":true,"href":"https:\/\/ack3.eu\/es\/wp-json\/wp\/v2\/comments?post=25845186"}],"version-history":[{"count":0,"href":"https:\/\/ack3.eu\/es\/wp-json\/wp\/v2\/posts\/25845186\/revisions"}],"wp:featuredmedia":[{"embeddable":true,"href":"https:\/\/ack3.eu\/es\/wp-json\/wp\/v2\/media\/25843814"}],"wp:attachment":[{"href":"https:\/\/ack3.eu\/es\/wp-json\/wp\/v2\/media?parent=25845186"}],"wp:term":[{"taxonomy":"category","embeddable":true,"href":"https:\/\/ack3.eu\/es\/wp-json\/wp\/v2\/categories?post=25845186"},{"taxonomy":"post_tag","embeddable":true,"href":"https:\/\/ack3.eu\/es\/wp-json\/wp\/v2\/tags?post=25845186"},{"taxonomy":"dipi_cpt_category","embeddable":true,"href":"https:\/\/ack3.eu\/es\/wp-json\/wp\/v2\/dipi_cpt_category?post=25845186"}],"curies":[{"name":"wp","href":"https:\/\/api.w.org\/{rel}","templated":true}]}}