{"id":25844139,"date":"2022-02-21T12:48:15","date_gmt":"2022-02-21T11:48:15","guid":{"rendered":"https:\/\/ack3.eu\/jorge-quintana-premiado-en-el-40o-aniversario-de-asis-spain\/"},"modified":"2024-04-24T11:24:57","modified_gmt":"2024-04-24T09:24:57","slug":"jorge-quintana-premiado-en-el-40o-aniversario-de-asis-spain","status":"publish","type":"post","link":"https:\/\/ack3.eu\/es\/jorge-quintana-premiado-en-el-40o-aniversario-de-asis-spain\/","title":{"rendered":"Jorge Quintana premiado en el 40\u00ba Aniversario de ASIS Spain"},"content":{"rendered":"<p>[et_pb_section fb_built=\u00bb1&#8243; _builder_version=\u00bb4.16&#8243; global_colors_info=\u00bb{}\u00bb][et_pb_row _builder_version=\u00bb4.16&#8243; background_size=\u00bbinitial\u00bb background_position=\u00bbtop_left\u00bb background_repeat=\u00bbrepeat\u00bb global_colors_info=\u00bb{}\u00bb][et_pb_column type=\u00bb4_4&#8243; _builder_version=\u00bb4.16&#8243; custom_padding=\u00bb|||\u00bb global_colors_info=\u00bb{}\u00bb custom_padding__hover=\u00bb|||\u00bb][et_pb_text _builder_version=\u00bb4.16&#8243; background_size=\u00bbinitial\u00bb background_position=\u00bbtop_left\u00bb background_repeat=\u00bbrepeat\u00bb global_colors_info=\u00bb{}\u00bb]<\/p>\n<h3>ACK3&#8217;s CEO brilla en el 40\u00ba aniversario de ASIS Spain, obteniendo los m\u00e1ximos honores por sus impactantes perspectivas de seguridad y liderazgo.<\/h3>\n<p><strong>Madrid, Espa\u00f1a<\/strong> \u00b7 ACK3 se complace en compartir que <a href=\"https:\/\/ack3.eu\/es\/perfil\/jorge-quintana\/\">Jorge Quintana<\/a>, nuestro CEO y una figura distinguida en el \u00e1mbito de la seguridad y la gesti\u00f3n de riesgos, fue reconocido como Socio Distinguido del A\u00f1o en el Evento del <strong>40\u00ba Aniversario de ASIS Spain<\/strong>. En efecto, <a href=\"https:\/\/www.asisonline.org\/\" target=\"_blank\" rel=\"noopener\">ASIS International<\/a>, la <strong>principal organizaci\u00f3n de membres\u00eda para profesionales de la gesti\u00f3n de seguridad a nivel mundial<\/strong>, celebra el Evento del 40\u00ba Aniversario de su cap\u00edtulo espa\u00f1ol, marcando cuatro d\u00e9cadas de excelencia e innovaci\u00f3n en el campo de la seguridad.<\/p>\n<blockquote><p>Quintana, conocido por su liderazgo en ACK3, obtuvo este reconocimiento gracias a su <strong>profunda experiencia en temas de seguridad y su importante contribuci\u00f3n a la comprensi\u00f3n p\u00fablica de la crisis en Afganist\u00e1n<\/strong>, especialmente a trav\u00e9s de sus <strong>apariciones televisivas y otras colaboraciones en medios de comunicaci\u00f3n<\/strong>.<\/p><\/blockquote>\n<h4>Su premio como Socio Distinguido del Cap\u00edtulo en 2021 destaca su impactante papel en el fortalecimiento de los est\u00e1ndares de la industria de la seguridad.<\/h4>\n<p>Transitando desde una amplia experiencia en las Fuerzas Especiales Espa\u00f1olas hasta posiciones estrat\u00e9gicas en corporaciones l\u00edderes, Quintana ha impregnado a ACK3 con su amplia experiencia y enfoque innovador en seguridad e inteligencia estrat\u00e9gica. <strong>El reconocimiento de Quintana en el evento de ASIS no es solo un logro personal, sino tambi\u00e9n un testimonio del liderazgo de ACK3 en el sector de la seguridad, respaldado por nuestro compromiso de ofrecer soluciones resilientes de primera clase a nuestros clientes<\/strong>.<\/p>\n<h3>Acerca de ASIS<\/h3>\n<p>ASIS International es una comunidad global de profesionales de seguridad, cada uno de los cuales tiene un papel en la protecci\u00f3n de activos: personas, propiedades y\/o informaci\u00f3n. <strong>ASIS (American Society for Industrial Security)<\/strong> fue fundada en 1955 y desde entonces ha crecido para abarcar m\u00e1s de 34.000 miembros en todo el mundo. Est\u00e1 dedicada a aumentar la efectividad y productividad de los profesionales de seguridad mediante el desarrollo de programas educativos y materiales que abordan amplios intereses en seguridad. La organizaci\u00f3n tambi\u00e9n defiende el papel y el valor de la profesi\u00f3n de gesti\u00f3n de seguridad ante empresas, medios de comunicaci\u00f3n, entidades gubernamentales y el p\u00fablico.<br \/>\n[\/et_pb_text][\/et_pb_column][\/et_pb_row][\/et_pb_section]<\/p>\n","protected":false},"excerpt":{"rendered":"<p>Jorge Quintana brilla en el 40\u00ba aniversario de ASIS Spain, obteniendo los m\u00e1ximos honores por sus impactantes perspectivas de seguridad y liderazgo en ACK3.<\/p>\n","protected":false},"author":2,"featured_media":25843146,"comment_status":"closed","ping_status":"closed","sticky":false,"template":"","format":"standard","meta":{"_et_pb_use_builder":"on","_et_pb_old_content":"","_et_gb_content_width":"","footnotes":""},"categories":[103,104],"tags":[105,107,106],"dipi_cpt_category":[],"class_list":["post-25844139","post","type-post","status-publish","format-standard","has-post-thumbnail","hentry","category-prensa","category-quintana-es","tag-asis-es","tag-jorge-quintana-es","tag-premio"],"_links":{"self":[{"href":"https:\/\/ack3.eu\/es\/wp-json\/wp\/v2\/posts\/25844139","targetHints":{"allow":["GET"]}}],"collection":[{"href":"https:\/\/ack3.eu\/es\/wp-json\/wp\/v2\/posts"}],"about":[{"href":"https:\/\/ack3.eu\/es\/wp-json\/wp\/v2\/types\/post"}],"author":[{"embeddable":true,"href":"https:\/\/ack3.eu\/es\/wp-json\/wp\/v2\/users\/2"}],"replies":[{"embeddable":true,"href":"https:\/\/ack3.eu\/es\/wp-json\/wp\/v2\/comments?post=25844139"}],"version-history":[{"count":0,"href":"https:\/\/ack3.eu\/es\/wp-json\/wp\/v2\/posts\/25844139\/revisions"}],"wp:featuredmedia":[{"embeddable":true,"href":"https:\/\/ack3.eu\/es\/wp-json\/wp\/v2\/media\/25843146"}],"wp:attachment":[{"href":"https:\/\/ack3.eu\/es\/wp-json\/wp\/v2\/media?parent=25844139"}],"wp:term":[{"taxonomy":"category","embeddable":true,"href":"https:\/\/ack3.eu\/es\/wp-json\/wp\/v2\/categories?post=25844139"},{"taxonomy":"post_tag","embeddable":true,"href":"https:\/\/ack3.eu\/es\/wp-json\/wp\/v2\/tags?post=25844139"},{"taxonomy":"dipi_cpt_category","embeddable":true,"href":"https:\/\/ack3.eu\/es\/wp-json\/wp\/v2\/dipi_cpt_category?post=25844139"}],"curies":[{"name":"wp","href":"https:\/\/api.w.org\/{rel}","templated":true}]}}